{"id":286,"date":"2026-08-31T15:01:37","date_gmt":"2026-08-31T15:01:37","guid":{"rendered":"http:\/\/tdi_126_15a"},"modified":"2026-08-31T21:13:31","modified_gmt":"2026-08-31T21:13:31","slug":"eminem-stronger-than-i-was","status":"publish","type":"post","link":"https:\/\/pausemag.fr\/index.php\/2026\/08\/31\/eminem-stronger-than-i-was\/","title":{"rendered":"\u00c9toiles et nuits d&rsquo;\u00e9t\u00e9 dans le Haut Languedoc"},"content":{"rendered":"\n<p class=\"wp-block-paragraph\" style=\"max-width:600px\">Quand le soleil se couche sur les cr\u00eates du Haut Languedoc et que la chaleur du jour se dissipe enfin, un autre spectacle commence. Loin des lumi\u00e8res de la ville, le ciel se remplit peu \u00e0 peu d&rsquo;\u00e9toiles, jusqu&rsquo;\u00e0 r\u00e9v\u00e9ler cette bande laiteuse et diffuse que l&rsquo;on ne voit presque plus nulle part ailleurs : la Voie lact\u00e9e. Dans notre r\u00e9gion, ce n&rsquo;est pas un hasard si le ciel nocturne reste aussi spectaculaire. Le Haut Languedoc fait partie des rares territoires de France \u00e0 avoir obtenu une reconnaissance internationale pour la qualit\u00e9 de son ciel \u00e9toil\u00e9. Voici pourquoi, et surtout comment, en profiter cet \u00e9t\u00e9.<\/p>\n\n\n\n<p class=\"wp-block-paragraph\" style=\"font-size:20px;max-width:600px\"><strong><strong>Un territoire labellis\u00e9 pour la qualit\u00e9 de son ciel<\/strong><\/strong><\/p>\n\n\n\n<p class=\"wp-block-paragraph\" style=\"max-width:600px\">Le Parc naturel r\u00e9gional du Haut Languedoc s&rsquo;\u00e9tend sur un territoire encore largement pr\u00e9serv\u00e9 de la pollution lumineuse, cette lueur orang\u00e9e qui, en ville, masque la quasi-totalit\u00e9 des \u00e9toiles visibles \u00e0 l&rsquo;\u0153il nu. Ici, dans les zones les plus recul\u00e9es, on peut encore observer plusieurs milliers d&rsquo;\u00e9toiles par nuit claire, contre quelques centaines seulement en p\u00e9riph\u00e9rie d&rsquo;une grande agglom\u00e9ration, et parfois moins d&rsquo;une trentaine en plein centre-ville.<\/p>\n\n\n\n<p class=\"wp-block-paragraph\" style=\"max-width:600px\">Cette qualit\u00e9 exceptionnelle a valu \u00e0 une partie du territoire une labellisation en tant que site remarquable pour l&rsquo;observation du ciel nocturne, port\u00e9e notamment par des associations d&rsquo;astronomie amateur et les collectivit\u00e9s locales, soucieuses de pr\u00e9server ce patrimoine naturel autant que culturel. Des chartes de bon usage de l&rsquo;\u00e9clairage public ont \u00e9t\u00e9 mises en place dans plusieurs communes : extinction partielle en c\u0153ur de nuit, r\u00e9duction de la puissance des lampadaires, orientation des \u00e9clairages vers le sol plut\u00f4t que vers le ciel. Autant de gestes simples qui, cumul\u00e9s, font une diff\u00e9rence consid\u00e9rable sur la qualit\u00e9 de l&rsquo;obscurit\u00e9.<\/p>\n\n\n\n<p class=\"wp-block-paragraph\"><\/p>\n\n\n<div class=\"wp-block-image\">\n<div><a href=\"https:\/\/pausemag.fr\/wp-content\/uploads\/2026\/08\/Lac-Haut-Languedoc.jpg\" class=\"td-modal-image\"><figure class=\"aligncenter size-full\"><img loading=\"lazy\" decoding=\"async\" width=\"800\" height=\"530\" src=\"https:\/\/pausemag.fr\/wp-content\/uploads\/2026\/08\/Lac-Haut-Languedoc.jpg\" alt=\"\" class=\"wp-image-339\" srcset=\"https:\/\/pausemag.fr\/wp-content\/uploads\/2026\/08\/Lac-Haut-Languedoc.jpg 800w, https:\/\/pausemag.fr\/wp-content\/uploads\/2026\/08\/Lac-Haut-Languedoc-300x199.jpg 300w, https:\/\/pausemag.fr\/wp-content\/uploads\/2026\/08\/Lac-Haut-Languedoc-768x509.jpg 768w, https:\/\/pausemag.fr\/wp-content\/uploads\/2026\/08\/Lac-Haut-Languedoc-634x420.jpg 634w, https:\/\/pausemag.fr\/wp-content\/uploads\/2026\/08\/Lac-Haut-Languedoc-150x99.jpg 150w, https:\/\/pausemag.fr\/wp-content\/uploads\/2026\/08\/Lac-Haut-Languedoc-696x461.jpg 696w\" sizes=\"auto, (max-width: 800px) 100vw, 800px\" \/><figcaption class=\"wp-element-caption\">Coucher de soleil sur un lac&#8230;en attendant les \u00e9toiles<\/figcaption><\/figure><\/a><\/div>\n<\/div>\n\n\n<h2 class=\"wp-block-heading\" style=\"max-width:600px\"><strong>Pourquoi l&rsquo;obscurit\u00e9 est aussi importante que la lumi\u00e8re<\/strong><\/h2>\n\n\n\n<p class=\"wp-block-paragraph\" style=\"max-width:600px\"><strong>Pourquoi l&rsquo;obscurit\u00e9 est aussi importante que la lumi\u00e8re<\/strong><\/p>\n\n\n\n<p class=\"wp-block-paragraph\" style=\"max-width:600px\">On associe souvent la beaut\u00e9 d&rsquo;un paysage \u00e0 la lumi\u00e8re du jour, aux couleurs, aux contrastes. Mais l&rsquo;obscurit\u00e9 a elle aussi ses vertus, et pas seulement esth\u00e9tiques. La nuit noire, une vraie nuit sans halo lumineux, est essentielle au bon fonctionnement de nombreux \u00e9cosyst\u00e8mes. Les insectes nocturnes, les chauves-souris, les rapaces nocturnes comme la chouette hulotte ou le grand-duc d&rsquo;Europe, pr\u00e9sents dans le Haut Languedoc, d\u00e9pendent d&rsquo;un cycle jour-nuit respect\u00e9 pour se nourrir, se reproduire et se d\u00e9placer. La pollution lumineuse perturbe leur horloge biologique, d\u00e9soriente les insectes migrateurs et fragilise des cha\u00eenes alimentaires enti\u00e8res.<\/p>\n\n\n\n<p class=\"wp-block-paragraph\" style=\"max-width:600px\">Pr\u00e9server un ciel noir, c&rsquo;est donc aussi pr\u00e9server une nature vivante et fonctionnelle. C&rsquo;est cette double dimension \u2014 contemplative et \u00e9cologique \u2014 qui rend l&rsquo;observation des \u00e9toiles dans le Haut Languedoc particuli\u00e8rement riche de sens : on ne vient pas seulement admirer un spectacle, on prend aussi la mesure de ce qui se joue, discr\u00e8tement, une fois la nuit tomb\u00e9e.<\/p>\n\n\n\n<p class=\"wp-block-paragraph\" style=\"max-width:600px\"><strong>Que peut-on observer en \u00e9t\u00e9 ?<\/strong><\/p>\n\n\n\n<p class=\"wp-block-paragraph\" style=\"max-width:600px\">L&rsquo;\u00e9t\u00e9 est sans doute la meilleure saison pour d\u00e9couvrir le ciel du Haut Languedoc, pour plusieurs raisons combin\u00e9es : des nuits chaudes qui permettent de rester dehors sans \u00eatre transi de froid, un ciel g\u00e9n\u00e9ralement plus d\u00e9gag\u00e9 qu&rsquo;en hiver, et surtout, la Voie lact\u00e9e qui se positionne id\u00e9alement au-dessus de l&rsquo;horizon en d\u00e9but de nuit.<\/p>\n\n\n\n<p class=\"wp-block-paragraph\" style=\"max-width:600px\"><strong>La Voie lact\u00e9e.<\/strong> De juin \u00e0 septembre, notre galaxie se d\u00e9voile dans toute sa splendeur, en particulier en direction du sud, vers la constellation du Sagittaire o\u00f9 se trouve le centre galactique. C&rsquo;est l\u00e0 que la bande laiteuse est la plus dense, la plus textur\u00e9e, presque irr\u00e9elle \u00e0 observer depuis un site totalement noir.<\/p>\n\n\n\n<p class=\"wp-block-paragraph\" style=\"max-width:595px\"><strong>Les \u00e9toiles filantes.<\/strong> La mi-ao\u00fbt est le rendez-vous incontournable des amateurs de ciel \u00e9toil\u00e9 avec le pic des Pers\u00e9ides, cet essaim de m\u00e9t\u00e9ores particuli\u00e8rement actif qui peut produire, dans de bonnes conditions, plusieurs dizaines d&rsquo;\u00e9toiles filantes par heure. Les nuits du 11 au 13 ao\u00fbt sont traditionnellement les plus intenses, mais l&rsquo;activit\u00e9 reste perceptible plusieurs jours avant et apr\u00e8s.<\/p>\n\n\n\n<p class=\"wp-block-paragraph\" style=\"max-width:600px\"><strong>Les plan\u00e8tes.<\/strong> Selon les ann\u00e9es, Jupiter et Saturne sont souvent visibles en \u00e9t\u00e9, reconnaissables \u00e0 leur \u00e9clat stable, sans scintillement, contrairement aux \u00e9toiles. Une simple paire de jumelles suffit parfois \u00e0 distinguer les principaux satellites de Jupiter ou la forme aplatie de Saturne.<\/p>\n\n\n\n<div class=\"wp-block-columns is-layout-flex wp-container-core-columns-is-layout-8f761849 wp-block-columns-is-layout-flex\">\n<div class=\"wp-block-column is-layout-flow wp-block-column-is-layout-flow\" style=\"flex-basis:100%\"><div class=\"wp-block-image\">\n<figure class=\"aligncenter size-full is-resized\"><img loading=\"lazy\" decoding=\"async\" width=\"427\" height=\"640\" src=\"https:\/\/pausemag.fr\/wp-content\/uploads\/2026\/08\/Ciel-nuit.jpg\" alt=\"\" class=\"wp-image-334\" style=\"width:434px;height:auto\" srcset=\"https:\/\/pausemag.fr\/wp-content\/uploads\/2026\/08\/Ciel-nuit.jpg 427w, https:\/\/pausemag.fr\/wp-content\/uploads\/2026\/08\/Ciel-nuit-200x300.jpg 200w, https:\/\/pausemag.fr\/wp-content\/uploads\/2026\/08\/Ciel-nuit-280x420.jpg 280w, https:\/\/pausemag.fr\/wp-content\/uploads\/2026\/08\/Ciel-nuit-150x225.jpg 150w, https:\/\/pausemag.fr\/wp-content\/uploads\/2026\/08\/Ciel-nuit-300x450.jpg 300w\" sizes=\"auto, (max-width: 427px) 100vw, 427px\" \/><\/figure>\n<\/div><\/div>\n<\/div>\n\n\n\n<p class=\"wp-block-paragraph\" style=\"max-width:600px\"><strong>Les constellations d&rsquo;\u00e9t\u00e9.<\/strong> Le triangle d&rsquo;\u00e9t\u00e9, form\u00e9 par les \u00e9toiles V\u00e9ga, Deneb et Alta\u00efr, domine le ciel \u00e0 la tomb\u00e9e de la nuit et sert de rep\u00e8re facile pour les d\u00e9butants. Non loin, le Cygne, le Sagittaire, le Scorpion et sa belle \u00e9toile rouge Antar\u00e8s composent un ciel riche et accessible m\u00eame sans mat\u00e9riel.<\/p>\n\n\n\n<p class=\"wp-block-paragraph\" style=\"font-size:20px;max-width:600px\"><strong>Les meilleurs spots d&rsquo;observation dans le Haut Languedoc<\/strong><\/p>\n\n\n\n<p class=\"wp-block-paragraph\" style=\"max-width:600px\">Toutes les zones ne se valent pas pour l&rsquo;observation du ciel. Il faut privil\u00e9gier l&rsquo;altitude, l&rsquo;\u00e9loignement des sources lumineuses et un horizon d\u00e9gag\u00e9.<\/p>\n\n\n\n<p class=\"wp-block-paragraph\" style=\"max-width:600px\"><strong>Les plateaux et sommets du parc.<\/strong> Les hauteurs autour du Caroux-Espinouse offrent des panoramas \u00e0 360 degr\u00e9s et un horizon particuli\u00e8rement d\u00e9gag\u00e9, id\u00e9al pour suivre le lever et le coucher de certains astres ou rep\u00e9rer les \u00e9toiles filantes sur une grande portion de ciel.<\/p>\n\n\n\n<p class=\"wp-block-paragraph\" style=\"max-width:600px\"><strong>Les abords des grands lacs.<\/strong> Les lacs du territoire, comme celui de V\u00e9zoles ou du Laouzas, offrent souvent des rives peu urbanis\u00e9es, un ciel d\u00e9gag\u00e9 sur l&rsquo;eau et l&rsquo;avantage d&rsquo;un horizon sans relief dans certaines directions, ce qui facilite l&rsquo;observation pr\u00e8s de la ligne d&rsquo;horizon.<\/p>\n\n\n\n<p class=\"wp-block-paragraph\" style=\"max-width:600px\"><strong>Les cols et routes de cr\u00eate.<\/strong> Plusieurs cols du massif, accessibles en voiture puis \u00e0 pied sur quelques centaines de m\u00e8tres, permettent de s&rsquo;installer confortablement tout en s&rsquo;\u00e9loignant suffisamment des habitations pour b\u00e9n\u00e9ficier d&rsquo;une obscurit\u00e9 satisfaisante.<\/p>\n\n\n\n<p class=\"wp-block-paragraph\" style=\"max-width:600px\">Avant de choisir un lieu, il est recommand\u00e9 de v\u00e9rifier une carte de pollution lumineuse (plusieurs sont disponibles gratuitement en ligne) afin d&rsquo;identifier les zones les plus sombres \u00e0 proximit\u00e9, et de privil\u00e9gier un site accessible sans risque la nuit tomb\u00e9e, avec un stationnement possible \u00e0 proximit\u00e9.<\/p>\n\n\n<div class=\"wp-block-image\">\n<figure class=\"aligncenter size-full is-resized\"><img loading=\"lazy\" decoding=\"async\" width=\"640\" height=\"420\" src=\"https:\/\/pausemag.fr\/wp-content\/uploads\/2026\/08\/Hauteur.jpg\" alt=\"\" class=\"wp-image-349\" style=\"width:730px;height:auto\" srcset=\"https:\/\/pausemag.fr\/wp-content\/uploads\/2026\/08\/Hauteur.jpg 640w, https:\/\/pausemag.fr\/wp-content\/uploads\/2026\/08\/Hauteur-300x197.jpg 300w, https:\/\/pausemag.fr\/wp-content\/uploads\/2026\/08\/Hauteur-150x98.jpg 150w\" sizes=\"auto, (max-width: 640px) 100vw, 640px\" \/><\/figure>\n<\/div>\n\n\n<p class=\"wp-block-paragraph\" style=\"max-width:600px\"><strong>Bien se pr\u00e9parer pour une soir\u00e9e d&rsquo;observation r\u00e9ussie<\/strong><\/p>\n\n\n\n<p class=\"wp-block-paragraph\" style=\"max-width:600px\">Observer le ciel ne demande pas n\u00e9cessairement un \u00e9quipement sophistiqu\u00e9, mais quelques pr\u00e9cautions simples font toute la diff\u00e9rence.<\/p>\n\n\n\n<p class=\"wp-block-paragraph\" style=\"max-width:600px\"><strong>Le bon moment.<\/strong> Privil\u00e9giez les nuits sans lune, ou en tout d\u00e9but\/fin de cycle lunaire : la pleine lune illumine le ciel et masque une grande partie des \u00e9toiles les plus faibles, y compris la Voie lact\u00e9e. Consultez \u00e9galement les pr\u00e9visions m\u00e9t\u00e9o pour la couverture nuageuse et l&rsquo;humidit\u00e9, qui peut cr\u00e9er une brume g\u00eanante en fond de vall\u00e9e.<\/p>\n\n\n\n<p class=\"wp-block-paragraph\" style=\"max-width:600px\"><strong>Laisser le temps aux yeux de s&rsquo;adapter.<\/strong> L&rsquo;\u0153il humain met environ vingt \u00e0 trente minutes pour s&rsquo;habituer pleinement \u00e0 l&rsquo;obscurit\u00e9. \u00c9vitez donc de consulter votre t\u00e9l\u00e9phone \u00e0 pleine luminosit\u00e9 pendant l&rsquo;observation : privil\u00e9giez le mode nuit ou une lampe frontale \u00e0 lumi\u00e8re rouge, qui pr\u00e9serve la vision nocturne.<\/p>\n\n\n\n<p class=\"wp-block-paragraph\" style=\"max-width:600px\"><strong>Le mat\u00e9riel utile, du plus simple au plus pouss\u00e9 :<\/strong><\/p>\n\n\n\n<ul class=\"wp-block-list\">\n<li>Une couverture ou un tapis de sol, voire une chaise longue, pour observer confortablement allong\u00e9 ou inclin\u00e9<\/li>\n\n\n\n<li>Des v\u00eatements chauds m\u00eame en \u00e9t\u00e9 : la temp\u00e9rature chute rapidement une fois le soleil couch\u00e9, surtout en altitude<\/li>\n\n\n\n<li>Une paire de jumelles, largement suffisante pour d\u00e9couvrir la Lune, certains amas d&rsquo;\u00e9toiles ou les satellites de Jupiter<\/li>\n\n\n\n<li>Une application de cartographie du ciel sur smartphone, pour identifier facilement constellations, plan\u00e8tes et satellites<\/li>\n\n\n\n<li>De quoi manger et boire chaud, car les soir\u00e9es d&rsquo;observation s&rsquo;\u00e9tirent facilement sur plusieurs heures<\/li>\n<\/ul>\n\n\n<div class=\"wp-block-image\">\n<figure class=\"aligncenter size-full\"><img loading=\"lazy\" decoding=\"async\" width=\"640\" height=\"427\" src=\"https:\/\/pausemag.fr\/wp-content\/uploads\/2026\/08\/Camping.jpg\" alt=\"\" class=\"wp-image-350\" srcset=\"https:\/\/pausemag.fr\/wp-content\/uploads\/2026\/08\/Camping.jpg 640w, https:\/\/pausemag.fr\/wp-content\/uploads\/2026\/08\/Camping-300x200.jpg 300w, https:\/\/pausemag.fr\/wp-content\/uploads\/2026\/08\/Camping-630x420.jpg 630w, https:\/\/pausemag.fr\/wp-content\/uploads\/2026\/08\/Camping-150x100.jpg 150w\" sizes=\"auto, (max-width: 640px) 100vw, 640px\" \/><\/figure>\n<\/div>\n\n\n<p class=\"wp-block-paragraph\" style=\"max-width:600px\"><strong>Une soir\u00e9e type, pas \u00e0 pas<\/strong><\/p>\n\n\n\n<p class=\"wp-block-paragraph\" style=\"max-width:600px\">Arrivez sur le site choisi avant la nuit compl\u00e8te, id\u00e9alement une heure avant le coucher du soleil, afin de vous installer en toute s\u00e9curit\u00e9 et de rep\u00e9rer les lieux en pleine lumi\u00e8re. Profitez du cr\u00e9puscule pour observer les premi\u00e8res \u00e9toiles appara\u00eetre : V\u00e9nus, lorsqu&rsquo;elle est visible, est souvent la premi\u00e8re \u00e0 percer le ciel encore bleut\u00e9.<\/p>\n\n\n\n<p class=\"wp-block-paragraph\" style=\"max-width:600px\">Une fois la nuit tomb\u00e9e, laissez vos yeux s&rsquo;adapter sans lumi\u00e8re artificielle. Commencez par rep\u00e9rer les grandes figures du ciel d&rsquo;\u00e9t\u00e9 \u00e0 l&rsquo;\u0153il nu, puis affinez votre observation avec des jumelles si vous en avez. Vers le milieu de la nuit, la Voie lact\u00e9e atteint g\u00e9n\u00e9ralement sa position la plus haute et la plus photog\u00e9nique au-dessus de l&rsquo;horizon sud.<\/p>\n\n\n\n<p class=\"wp-block-paragraph\" style=\"max-width:600px\">Si vous observez en p\u00e9riode de Pers\u00e9ides, prenez le temps de vous installer confortablement, allong\u00e9 face au nord-est, et laissez votre regard balayer une large portion de ciel plut\u00f4t que de fixer un point pr\u00e9cis : les \u00e9toiles filantes se voient souvent mieux du coin de l&rsquo;\u0153il.<\/p>\n\n\n\n<p class=\"wp-block-paragraph\" style=\"max-width:600px\"><strong>Astronomie et \u00e9cotourisme dans le Haut Languedoc<\/strong><\/p>\n\n\n\n<p class=\"wp-block-paragraph\" style=\"max-width:600px\">Le territoire propose r\u00e9guli\u00e8rement des soir\u00e9es d&rsquo;observation encadr\u00e9es par des associations d&rsquo;astronomie amateur ou des animateurs nature du parc, souvent organis\u00e9es en p\u00e9riode estivale pour profiter des nuits douces. Ces sorties collectives sont une excellente porte d&rsquo;entr\u00e9e pour les d\u00e9butants : t\u00e9lescopes mis \u00e0 disposition, explications accessibles, \u00e9changes avec des passionn\u00e9s qui connaissent le ciel local sur le bout des doigts.<\/p>\n\n\n\n<p class=\"wp-block-paragraph\" style=\"max-width:600px\">Certains h\u00e9bergements du territoire, g\u00eetes ou fermes-auberges, ont \u00e9galement fait de la nuit \u00e9toil\u00e9e un argument \u00e0 part enti\u00e8re, en proposant des terrasses d&rsquo;observation ou des veill\u00e9es astronomiques \u00e0 leurs h\u00f4tes. Une mani\u00e8re de prolonger l&rsquo;exp\u00e9rience et de conjuguer d\u00e9couverte du patrimoine naturel, gastronomie locale et tourisme de nature.<\/p>\n\n\n<div class=\"wp-block-image\">\n<figure class=\"aligncenter size-full\"><img loading=\"lazy\" decoding=\"async\" width=\"640\" height=\"427\" src=\"https:\/\/pausemag.fr\/wp-content\/uploads\/2026\/08\/Camping-car.jpg\" alt=\"\" class=\"wp-image-351\" srcset=\"https:\/\/pausemag.fr\/wp-content\/uploads\/2026\/08\/Camping-car.jpg 640w, https:\/\/pausemag.fr\/wp-content\/uploads\/2026\/08\/Camping-car-300x200.jpg 300w, https:\/\/pausemag.fr\/wp-content\/uploads\/2026\/08\/Camping-car-630x420.jpg 630w, https:\/\/pausemag.fr\/wp-content\/uploads\/2026\/08\/Camping-car-150x100.jpg 150w\" sizes=\"auto, (max-width: 640px) 100vw, 640px\" \/><\/figure>\n<\/div>\n\n\n<p class=\"wp-block-paragraph\" style=\"max-width:600px\"><strong>Pr\u00e9server ce patrimoine pour les nuits de demain<\/strong><\/p>\n\n\n\n<p class=\"wp-block-paragraph\" style=\"max-width:600px\">Ce ciel \u00e9toil\u00e9, aussi spectaculaire soit-il, reste fragile. Chaque nouveau point lumineux install\u00e9 sans r\u00e9flexion, chaque \u00e9clairage mal orient\u00e9 grignote un peu plus l&rsquo;obscurit\u00e9 naturelle du territoire. En tant que visiteurs ou habitants, quelques gestes simples permettent de contribuer \u00e0 sa pr\u00e9servation : limiter l&rsquo;usage de lampes puissantes en ext\u00e9rieur la nuit, privil\u00e9gier des \u00e9clairages orient\u00e9s vers le sol chez soi, et soutenir les initiatives locales de protection du ciel nocturne.<\/p>\n\n\n\n<p class=\"wp-block-paragraph\" style=\"max-width:600px\">Observer les \u00e9toiles dans le Haut Languedoc, c&rsquo;est finalement bien plus qu&rsquo;un loisir estival : c&rsquo;est renouer avec une exp\u00e9rience que l&rsquo;humanit\u00e9 pratique depuis toujours, et qui devient, \u00e0 mesure que les villes s&rsquo;\u00e9clairent davantage, de plus en plus rare. Une bonne raison de lever les yeux, cet \u00e9t\u00e9, d\u00e8s que la nuit tombe sur le massif.<\/p>\n\n\n\n<p class=\"wp-block-paragraph\" style=\"max-width:600px\"><strong>Encadr\u00e9 pratique \u2014 \u00c0 retenir pour cet \u00e9t\u00e9<\/strong><\/p>\n\n\n\n<ul class=\"wp-block-list\">\n<li>Meilleure p\u00e9riode : juillet \u00e0 septembre, pic les nuits du 11 au 13 ao\u00fbt pour les Pers\u00e9ides<\/li>\n\n\n\n<li>Privil\u00e9gier les nuits sans lune ou en tout d\u00e9but\/fin de cycle lunaire<\/li>\n\n\n\n<li>V\u00e9rifier la m\u00e9t\u00e9o (ciel d\u00e9gag\u00e9, faible humidit\u00e9) avant de se d\u00e9placer<\/li>\n\n\n\n<li>S&rsquo;\u00e9loigner des sources lumineuses, privil\u00e9gier l&rsquo;altitude et les horizons d\u00e9gag\u00e9s<\/li>\n\n\n\n<li>Pr\u00e9voir de quoi se couvrir, m\u00eame en \u00e9t\u00e9<\/li>\n<\/ul>\n\n\n\n<p class=\"wp-block-paragraph\"><\/p>\n","protected":false},"excerpt":{"rendered":"<p>Quand le soleil se couche sur les cr\u00eates du Haut Languedoc et que la chaleur du jour se dissipe enfin, un autre spectacle commence. Loin des lumi\u00e8res de la ville, le ciel se remplit peu \u00e0 peu d&rsquo;\u00e9toiles, jusqu&rsquo;\u00e0 r\u00e9v\u00e9ler cette bande laiteuse et diffuse que l&rsquo;on ne voit presque plus nulle part ailleurs : [&hellip;]<\/p>\n","protected":false},"author":1,"featured_media":333,"comment_status":"open","ping_status":"open","sticky":false,"template":"","format":"standard","meta":{"rs_blank_template":"","rs_page_bg_color":"","slide_template_v7":"","tdm_status":"","tdm_grid_status":"","footnotes":""},"categories":[31],"tags":[],"class_list":["post-286","post","type-post","status-publish","format-standard","has-post-thumbnail","category-nature"],"yoast_head":"<!-- This site is optimized with the Yoast SEO plugin v28.3 - https:\/\/yoast.com\/product\/yoast-seo-wordpress\/ -->\n<title>\u00c9toiles et nuits d&#039;\u00e9t\u00e9 dans le Haut Languedoc - Pause Mag&#039;<\/title>\n<meta name=\"robots\" content=\"index, follow, max-snippet:-1, max-image-preview:large, max-video-preview:-1\" \/>\n<link rel=\"canonical\" href=\"https:\/\/pausemag.fr\/index.php\/2026\/08\/31\/eminem-stronger-than-i-was\/\" \/>\n<meta property=\"og:locale\" content=\"fr_FR\" \/>\n<meta property=\"og:type\" content=\"article\" \/>\n<meta property=\"og:title\" content=\"\u00c9toiles et nuits d&#039;\u00e9t\u00e9 dans le Haut Languedoc - Pause Mag&#039;\" \/>\n<meta property=\"og:description\" content=\"Quand le soleil se couche sur les cr\u00eates du Haut Languedoc et que la chaleur du jour se dissipe enfin, un autre spectacle commence. Loin des lumi\u00e8res de la ville, le ciel se remplit peu \u00e0 peu d&rsquo;\u00e9toiles, jusqu&rsquo;\u00e0 r\u00e9v\u00e9ler cette bande laiteuse et diffuse que l&rsquo;on ne voit presque plus nulle part ailleurs : [&hellip;]\" \/>\n<meta property=\"og:url\" content=\"https:\/\/pausemag.fr\/index.php\/2026\/08\/31\/eminem-stronger-than-i-was\/\" \/>\n<meta property=\"og:site_name\" content=\"Pause Mag&#039;\" \/>\n<meta property=\"article:published_time\" content=\"2026-08-31T15:01:37+00:00\" \/>\n<meta property=\"article:modified_time\" content=\"2026-08-31T21:13:31+00:00\" \/>\n<meta property=\"og:image\" content=\"https:\/\/pausemag.fr\/wp-content\/uploads\/2026\/08\/Ciel-etoile-Hearult.jpg\" \/>\n\t<meta property=\"og:image:width\" content=\"640\" \/>\n\t<meta property=\"og:image:height\" content=\"427\" \/>\n\t<meta property=\"og:image:type\" content=\"image\/jpeg\" \/>\n<meta name=\"author\" content=\"admin7413\" \/>\n<meta name=\"twitter:card\" content=\"summary_large_image\" \/>\n<meta name=\"twitter:label1\" content=\"\u00c9crit par\" \/>\n\t<meta name=\"twitter:data1\" content=\"admin7413\" \/>\n\t<meta name=\"twitter:label2\" content=\"Dur\u00e9e de lecture estim\u00e9e\" \/>\n\t<meta name=\"twitter:data2\" content=\"10 minutes\" \/>\n<script type=\"application\/ld+json\" class=\"yoast-schema-graph\">{\"@context\":\"https:\\\/\\\/schema.org\",\"@graph\":[{\"@type\":\"Article\",\"@id\":\"https:\\\/\\\/pausemag.fr\\\/index.php\\\/2026\\\/08\\\/31\\\/eminem-stronger-than-i-was\\\/#article\",\"isPartOf\":{\"@id\":\"https:\\\/\\\/pausemag.fr\\\/index.php\\\/2026\\\/08\\\/31\\\/eminem-stronger-than-i-was\\\/\"},\"author\":{\"name\":\"admin7413\",\"@id\":\"https:\\\/\\\/pausemag.fr\\\/#\\\/schema\\\/person\\\/50224092c968f081aba4b4b743eca3b9\"},\"headline\":\"\u00c9toiles et nuits d&rsquo;\u00e9t\u00e9 dans le Haut Languedoc\",\"datePublished\":\"2026-08-31T15:01:37+00:00\",\"dateModified\":\"2026-08-31T21:13:31+00:00\",\"mainEntityOfPage\":{\"@id\":\"https:\\\/\\\/pausemag.fr\\\/index.php\\\/2026\\\/08\\\/31\\\/eminem-stronger-than-i-was\\\/\"},\"wordCount\":1854,\"commentCount\":0,\"publisher\":{\"@id\":\"https:\\\/\\\/pausemag.fr\\\/#organization\"},\"image\":{\"@id\":\"https:\\\/\\\/pausemag.fr\\\/index.php\\\/2026\\\/08\\\/31\\\/eminem-stronger-than-i-was\\\/#primaryimage\"},\"thumbnailUrl\":\"https:\\\/\\\/pausemag.fr\\\/wp-content\\\/uploads\\\/2026\\\/08\\\/Ciel-etoile-Hearult.jpg\",\"articleSection\":[\"Nature\"],\"inLanguage\":\"fr-FR\",\"potentialAction\":[{\"@type\":\"CommentAction\",\"name\":\"Comment\",\"target\":[\"https:\\\/\\\/pausemag.fr\\\/index.php\\\/2026\\\/08\\\/31\\\/eminem-stronger-than-i-was\\\/#respond\"]}]},{\"@type\":\"WebPage\",\"@id\":\"https:\\\/\\\/pausemag.fr\\\/index.php\\\/2026\\\/08\\\/31\\\/eminem-stronger-than-i-was\\\/\",\"url\":\"https:\\\/\\\/pausemag.fr\\\/index.php\\\/2026\\\/08\\\/31\\\/eminem-stronger-than-i-was\\\/\",\"name\":\"\u00c9toiles et nuits d'\u00e9t\u00e9 dans le Haut Languedoc - Pause Mag&#039;\",\"isPartOf\":{\"@id\":\"https:\\\/\\\/pausemag.fr\\\/#website\"},\"primaryImageOfPage\":{\"@id\":\"https:\\\/\\\/pausemag.fr\\\/index.php\\\/2026\\\/08\\\/31\\\/eminem-stronger-than-i-was\\\/#primaryimage\"},\"image\":{\"@id\":\"https:\\\/\\\/pausemag.fr\\\/index.php\\\/2026\\\/08\\\/31\\\/eminem-stronger-than-i-was\\\/#primaryimage\"},\"thumbnailUrl\":\"https:\\\/\\\/pausemag.fr\\\/wp-content\\\/uploads\\\/2026\\\/08\\\/Ciel-etoile-Hearult.jpg\",\"datePublished\":\"2026-08-31T15:01:37+00:00\",\"dateModified\":\"2026-08-31T21:13:31+00:00\",\"breadcrumb\":{\"@id\":\"https:\\\/\\\/pausemag.fr\\\/index.php\\\/2026\\\/08\\\/31\\\/eminem-stronger-than-i-was\\\/#breadcrumb\"},\"inLanguage\":\"fr-FR\",\"potentialAction\":[{\"@type\":\"ReadAction\",\"target\":[\"https:\\\/\\\/pausemag.fr\\\/index.php\\\/2026\\\/08\\\/31\\\/eminem-stronger-than-i-was\\\/\"]}]},{\"@type\":\"ImageObject\",\"inLanguage\":\"fr-FR\",\"@id\":\"https:\\\/\\\/pausemag.fr\\\/index.php\\\/2026\\\/08\\\/31\\\/eminem-stronger-than-i-was\\\/#primaryimage\",\"url\":\"https:\\\/\\\/pausemag.fr\\\/wp-content\\\/uploads\\\/2026\\\/08\\\/Ciel-etoile-Hearult.jpg\",\"contentUrl\":\"https:\\\/\\\/pausemag.fr\\\/wp-content\\\/uploads\\\/2026\\\/08\\\/Ciel-etoile-Hearult.jpg\",\"width\":640,\"height\":427},{\"@type\":\"BreadcrumbList\",\"@id\":\"https:\\\/\\\/pausemag.fr\\\/index.php\\\/2026\\\/08\\\/31\\\/eminem-stronger-than-i-was\\\/#breadcrumb\",\"itemListElement\":[{\"@type\":\"ListItem\",\"position\":1,\"name\":\"Accueil\",\"item\":\"https:\\\/\\\/pausemag.fr\\\/\"},{\"@type\":\"ListItem\",\"position\":2,\"name\":\"\u00c9toiles et nuits d&rsquo;\u00e9t\u00e9 dans le Haut Languedoc\"}]},{\"@type\":\"WebSite\",\"@id\":\"https:\\\/\\\/pausemag.fr\\\/#website\",\"url\":\"https:\\\/\\\/pausemag.fr\\\/\",\"name\":\"Pausemag\",\"description\":\"Il y a certainement une pause que vous ressemble\",\"publisher\":{\"@id\":\"https:\\\/\\\/pausemag.fr\\\/#organization\"},\"potentialAction\":[{\"@type\":\"SearchAction\",\"target\":{\"@type\":\"EntryPoint\",\"urlTemplate\":\"https:\\\/\\\/pausemag.fr\\\/?s={search_term_string}\"},\"query-input\":{\"@type\":\"PropertyValueSpecification\",\"valueRequired\":true,\"valueName\":\"search_term_string\"}}],\"inLanguage\":\"fr-FR\"},{\"@type\":\"Organization\",\"@id\":\"https:\\\/\\\/pausemag.fr\\\/#organization\",\"name\":\"MPS\",\"url\":\"https:\\\/\\\/pausemag.fr\\\/\",\"logo\":{\"@type\":\"ImageObject\",\"inLanguage\":\"fr-FR\",\"@id\":\"https:\\\/\\\/pausemag.fr\\\/#\\\/schema\\\/logo\\\/image\\\/\",\"url\":\"https:\\\/\\\/pausemag.fr\\\/wp-content\\\/uploads\\\/2026\\\/08\\\/cropped-Pause-Mag-Fd-Blanc.jpg\",\"contentUrl\":\"https:\\\/\\\/pausemag.fr\\\/wp-content\\\/uploads\\\/2026\\\/08\\\/cropped-Pause-Mag-Fd-Blanc.jpg\",\"width\":512,\"height\":512,\"caption\":\"MPS\"},\"image\":{\"@id\":\"https:\\\/\\\/pausemag.fr\\\/#\\\/schema\\\/logo\\\/image\\\/\"}},{\"@type\":\"Person\",\"@id\":\"https:\\\/\\\/pausemag.fr\\\/#\\\/schema\\\/person\\\/50224092c968f081aba4b4b743eca3b9\",\"name\":\"admin7413\",\"image\":{\"@type\":\"ImageObject\",\"inLanguage\":\"fr-FR\",\"@id\":\"https:\\\/\\\/secure.gravatar.com\\\/avatar\\\/44846592b0a2eb9f55ddd893c8f2edc4977003992ad553c010f29d7f38ee77de?s=96&d=mm&r=g\",\"url\":\"https:\\\/\\\/secure.gravatar.com\\\/avatar\\\/44846592b0a2eb9f55ddd893c8f2edc4977003992ad553c010f29d7f38ee77de?s=96&d=mm&r=g\",\"contentUrl\":\"https:\\\/\\\/secure.gravatar.com\\\/avatar\\\/44846592b0a2eb9f55ddd893c8f2edc4977003992ad553c010f29d7f38ee77de?s=96&d=mm&r=g\",\"caption\":\"admin7413\"},\"sameAs\":[\"http:\\\/\\\/pausemag.fr\"],\"url\":\"https:\\\/\\\/pausemag.fr\\\/index.php\\\/author\\\/admin7413\\\/\"}]}<\/script>\n<!-- \/ Yoast SEO plugin. -->","yoast_head_json":{"title":"\u00c9toiles et nuits d'\u00e9t\u00e9 dans le Haut Languedoc - Pause Mag&#039;","robots":{"index":"index","follow":"follow","max-snippet":"max-snippet:-1","max-image-preview":"max-image-preview:large","max-video-preview":"max-video-preview:-1"},"canonical":"https:\/\/pausemag.fr\/index.php\/2026\/08\/31\/eminem-stronger-than-i-was\/","og_locale":"fr_FR","og_type":"article","og_title":"\u00c9toiles et nuits d'\u00e9t\u00e9 dans le Haut Languedoc - Pause Mag&#039;","og_description":"Quand le soleil se couche sur les cr\u00eates du Haut Languedoc et que la chaleur du jour se dissipe enfin, un autre spectacle commence. Loin des lumi\u00e8res de la ville, le ciel se remplit peu \u00e0 peu d&rsquo;\u00e9toiles, jusqu&rsquo;\u00e0 r\u00e9v\u00e9ler cette bande laiteuse et diffuse que l&rsquo;on ne voit presque plus nulle part ailleurs : [&hellip;]","og_url":"https:\/\/pausemag.fr\/index.php\/2026\/08\/31\/eminem-stronger-than-i-was\/","og_site_name":"Pause Mag&#039;","article_published_time":"2026-08-31T15:01:37+00:00","article_modified_time":"2026-08-31T21:13:31+00:00","og_image":[{"width":640,"height":427,"url":"https:\/\/pausemag.fr\/wp-content\/uploads\/2026\/08\/Ciel-etoile-Hearult.jpg","type":"image\/jpeg"}],"author":"admin7413","twitter_card":"summary_large_image","twitter_misc":{"\u00c9crit par":"admin7413","Dur\u00e9e de lecture estim\u00e9e":"10 minutes"},"schema":{"@context":"https:\/\/schema.org","@graph":[{"@type":"Article","@id":"https:\/\/pausemag.fr\/index.php\/2026\/08\/31\/eminem-stronger-than-i-was\/#article","isPartOf":{"@id":"https:\/\/pausemag.fr\/index.php\/2026\/08\/31\/eminem-stronger-than-i-was\/"},"author":{"name":"admin7413","@id":"https:\/\/pausemag.fr\/#\/schema\/person\/50224092c968f081aba4b4b743eca3b9"},"headline":"\u00c9toiles et nuits d&rsquo;\u00e9t\u00e9 dans le Haut Languedoc","datePublished":"2026-08-31T15:01:37+00:00","dateModified":"2026-08-31T21:13:31+00:00","mainEntityOfPage":{"@id":"https:\/\/pausemag.fr\/index.php\/2026\/08\/31\/eminem-stronger-than-i-was\/"},"wordCount":1854,"commentCount":0,"publisher":{"@id":"https:\/\/pausemag.fr\/#organization"},"image":{"@id":"https:\/\/pausemag.fr\/index.php\/2026\/08\/31\/eminem-stronger-than-i-was\/#primaryimage"},"thumbnailUrl":"https:\/\/pausemag.fr\/wp-content\/uploads\/2026\/08\/Ciel-etoile-Hearult.jpg","articleSection":["Nature"],"inLanguage":"fr-FR","potentialAction":[{"@type":"CommentAction","name":"Comment","target":["https:\/\/pausemag.fr\/index.php\/2026\/08\/31\/eminem-stronger-than-i-was\/#respond"]}]},{"@type":"WebPage","@id":"https:\/\/pausemag.fr\/index.php\/2026\/08\/31\/eminem-stronger-than-i-was\/","url":"https:\/\/pausemag.fr\/index.php\/2026\/08\/31\/eminem-stronger-than-i-was\/","name":"\u00c9toiles et nuits d'\u00e9t\u00e9 dans le Haut Languedoc - Pause Mag&#039;","isPartOf":{"@id":"https:\/\/pausemag.fr\/#website"},"primaryImageOfPage":{"@id":"https:\/\/pausemag.fr\/index.php\/2026\/08\/31\/eminem-stronger-than-i-was\/#primaryimage"},"image":{"@id":"https:\/\/pausemag.fr\/index.php\/2026\/08\/31\/eminem-stronger-than-i-was\/#primaryimage"},"thumbnailUrl":"https:\/\/pausemag.fr\/wp-content\/uploads\/2026\/08\/Ciel-etoile-Hearult.jpg","datePublished":"2026-08-31T15:01:37+00:00","dateModified":"2026-08-31T21:13:31+00:00","breadcrumb":{"@id":"https:\/\/pausemag.fr\/index.php\/2026\/08\/31\/eminem-stronger-than-i-was\/#breadcrumb"},"inLanguage":"fr-FR","potentialAction":[{"@type":"ReadAction","target":["https:\/\/pausemag.fr\/index.php\/2026\/08\/31\/eminem-stronger-than-i-was\/"]}]},{"@type":"ImageObject","inLanguage":"fr-FR","@id":"https:\/\/pausemag.fr\/index.php\/2026\/08\/31\/eminem-stronger-than-i-was\/#primaryimage","url":"https:\/\/pausemag.fr\/wp-content\/uploads\/2026\/08\/Ciel-etoile-Hearult.jpg","contentUrl":"https:\/\/pausemag.fr\/wp-content\/uploads\/2026\/08\/Ciel-etoile-Hearult.jpg","width":640,"height":427},{"@type":"BreadcrumbList","@id":"https:\/\/pausemag.fr\/index.php\/2026\/08\/31\/eminem-stronger-than-i-was\/#breadcrumb","itemListElement":[{"@type":"ListItem","position":1,"name":"Accueil","item":"https:\/\/pausemag.fr\/"},{"@type":"ListItem","position":2,"name":"\u00c9toiles et nuits d&rsquo;\u00e9t\u00e9 dans le Haut Languedoc"}]},{"@type":"WebSite","@id":"https:\/\/pausemag.fr\/#website","url":"https:\/\/pausemag.fr\/","name":"Pausemag","description":"Il y a certainement une pause que vous ressemble","publisher":{"@id":"https:\/\/pausemag.fr\/#organization"},"potentialAction":[{"@type":"SearchAction","target":{"@type":"EntryPoint","urlTemplate":"https:\/\/pausemag.fr\/?s={search_term_string}"},"query-input":{"@type":"PropertyValueSpecification","valueRequired":true,"valueName":"search_term_string"}}],"inLanguage":"fr-FR"},{"@type":"Organization","@id":"https:\/\/pausemag.fr\/#organization","name":"MPS","url":"https:\/\/pausemag.fr\/","logo":{"@type":"ImageObject","inLanguage":"fr-FR","@id":"https:\/\/pausemag.fr\/#\/schema\/logo\/image\/","url":"https:\/\/pausemag.fr\/wp-content\/uploads\/2026\/08\/cropped-Pause-Mag-Fd-Blanc.jpg","contentUrl":"https:\/\/pausemag.fr\/wp-content\/uploads\/2026\/08\/cropped-Pause-Mag-Fd-Blanc.jpg","width":512,"height":512,"caption":"MPS"},"image":{"@id":"https:\/\/pausemag.fr\/#\/schema\/logo\/image\/"}},{"@type":"Person","@id":"https:\/\/pausemag.fr\/#\/schema\/person\/50224092c968f081aba4b4b743eca3b9","name":"admin7413","image":{"@type":"ImageObject","inLanguage":"fr-FR","@id":"https:\/\/secure.gravatar.com\/avatar\/44846592b0a2eb9f55ddd893c8f2edc4977003992ad553c010f29d7f38ee77de?s=96&d=mm&r=g","url":"https:\/\/secure.gravatar.com\/avatar\/44846592b0a2eb9f55ddd893c8f2edc4977003992ad553c010f29d7f38ee77de?s=96&d=mm&r=g","contentUrl":"https:\/\/secure.gravatar.com\/avatar\/44846592b0a2eb9f55ddd893c8f2edc4977003992ad553c010f29d7f38ee77de?s=96&d=mm&r=g","caption":"admin7413"},"sameAs":["http:\/\/pausemag.fr"],"url":"https:\/\/pausemag.fr\/index.php\/author\/admin7413\/"}]}},"_links":{"self":[{"href":"https:\/\/pausemag.fr\/index.php\/wp-json\/wp\/v2\/posts\/286","targetHints":{"allow":["GET"]}}],"collection":[{"href":"https:\/\/pausemag.fr\/index.php\/wp-json\/wp\/v2\/posts"}],"about":[{"href":"https:\/\/pausemag.fr\/index.php\/wp-json\/wp\/v2\/types\/post"}],"author":[{"embeddable":true,"href":"https:\/\/pausemag.fr\/index.php\/wp-json\/wp\/v2\/users\/1"}],"replies":[{"embeddable":true,"href":"https:\/\/pausemag.fr\/index.php\/wp-json\/wp\/v2\/comments?post=286"}],"version-history":[{"count":5,"href":"https:\/\/pausemag.fr\/index.php\/wp-json\/wp\/v2\/posts\/286\/revisions"}],"predecessor-version":[{"id":352,"href":"https:\/\/pausemag.fr\/index.php\/wp-json\/wp\/v2\/posts\/286\/revisions\/352"}],"wp:featuredmedia":[{"embeddable":true,"href":"https:\/\/pausemag.fr\/index.php\/wp-json\/wp\/v2\/media\/333"}],"wp:attachment":[{"href":"https:\/\/pausemag.fr\/index.php\/wp-json\/wp\/v2\/media?parent=286"}],"wp:term":[{"taxonomy":"category","embeddable":true,"href":"https:\/\/pausemag.fr\/index.php\/wp-json\/wp\/v2\/categories?post=286"},{"taxonomy":"post_tag","embeddable":true,"href":"https:\/\/pausemag.fr\/index.php\/wp-json\/wp\/v2\/tags?post=286"}],"curies":[{"name":"wp","href":"https:\/\/api.w.org\/{rel}","templated":true}]}}